{"id":985,"date":"2022-02-10T19:25:44","date_gmt":"2022-02-10T19:25:44","guid":{"rendered":"http:\/\/islandpferdefreunde-zdm.net\/?p=985"},"modified":"2022-06-15T17:19:03","modified_gmt":"2022-06-15T17:19:03","slug":"jahreshauptversammlung-am-4-maerz-faellt-aus","status":"publish","type":"post","link":"https:\/\/islandpferdefreunde-zdm.net\/?p=985","title":{"rendered":"Jahreshauptversammlung am 4. M\u00e4rz f\u00e4llt aus"},"content":{"rendered":"\n<p>Liebe Islandpferdefreunde,<\/p>\n\n\n\n<p>unsere f\u00fcr den 4. M\u00e4rz 2022 geplante Jahreshauptversammlung muss leider auf einen sp\u00e4teren Zeitpunkt verschoben werden. Sobald ein neuer Termin gefunden wurde, werden wir neu einladen. Bitte entschuldigt die recht kurzfristige Terminverlegung, aber die aktuelle Situation l\u00e4sst es nicht anders zu.<\/p>\n\n\n\n<p>Der Vorstand <\/p>\n","protected":false},"excerpt":{"rendered":"<p>Liebe Islandpferdefreunde, unsere f\u00fcr den 4. M\u00e4rz 2022 geplante Jahreshauptversammlung muss leider auf einen sp\u00e4teren Zeitpunkt verschoben werden. Sobald ein neuer Termin gefunden wurde, werden wir neu einladen. Bitte entschuldigt die recht kurzfristige Terminverlegung, aber die aktuelle Situation l\u00e4sst es nicht anders zu. Der Vorstand<\/p>\n","protected":false},"author":1,"featured_media":698,"comment_status":"closed","ping_status":"open","sticky":false,"template":"","format":"standard","meta":{"footnotes":""},"categories":[5,25],"tags":[],"class_list":["post-985","post","type-post","status-publish","format-standard","has-post-thumbnail","hentry","category-aktuelles","category-terminankuendigung"],"_links":{"self":[{"href":"https:\/\/islandpferdefreunde-zdm.net\/index.php?rest_route=\/wp\/v2\/posts\/985","targetHints":{"allow":["GET"]}}],"collection":[{"href":"https:\/\/islandpferdefreunde-zdm.net\/index.php?rest_route=\/wp\/v2\/posts"}],"about":[{"href":"https:\/\/islandpferdefreunde-zdm.net\/index.php?rest_route=\/wp\/v2\/types\/post"}],"author":[{"embeddable":true,"href":"https:\/\/islandpferdefreunde-zdm.net\/index.php?rest_route=\/wp\/v2\/users\/1"}],"replies":[{"embeddable":true,"href":"https:\/\/islandpferdefreunde-zdm.net\/index.php?rest_route=%2Fwp%2Fv2%2Fcomments&post=985"}],"version-history":[{"count":1,"href":"https:\/\/islandpferdefreunde-zdm.net\/index.php?rest_route=\/wp\/v2\/posts\/985\/revisions"}],"predecessor-version":[{"id":986,"href":"https:\/\/islandpferdefreunde-zdm.net\/index.php?rest_route=\/wp\/v2\/posts\/985\/revisions\/986"}],"wp:featuredmedia":[{"embeddable":true,"href":"https:\/\/islandpferdefreunde-zdm.net\/index.php?rest_route=\/wp\/v2\/media\/698"}],"wp:attachment":[{"href":"https:\/\/islandpferdefreunde-zdm.net\/index.php?rest_route=%2Fwp%2Fv2%2Fmedia&parent=985"}],"wp:term":[{"taxonomy":"category","embeddable":true,"href":"https:\/\/islandpferdefreunde-zdm.net\/index.php?rest_route=%2Fwp%2Fv2%2Fcategories&post=985"},{"taxonomy":"post_tag","embeddable":true,"href":"https:\/\/islandpferdefreunde-zdm.net\/index.php?rest_route=%2Fwp%2Fv2%2Ftags&post=985"}],"curies":[{"name":"wp","href":"https:\/\/api.w.org\/{rel}","templated":true}]}}