{"id":678,"date":"2020-09-23T17:13:17","date_gmt":"2020-09-23T17:13:17","guid":{"rendered":"http:\/\/islandpferdefreunde-zdm.net\/?p=678"},"modified":"2020-09-23T17:13:17","modified_gmt":"2020-09-23T17:13:17","slug":"stammtisch-in-kleve","status":"publish","type":"post","link":"https:\/\/islandpferdefreunde-zdm.net\/?p=678","title":{"rendered":"Stammtisch in Kleve"},"content":{"rendered":"\n<p>Der n\u00e4chste Stammtisch findet\u00a0<a href=\"x-apple-data-detectors:\/\/7\">am 25.\u00a0September 2020 um 19.00 Uhr<\/a>\u00a0bei Regina und Jan in Kleve statt.<\/p>\n\n\n\n\n\n<p> Hierzu bringt wieder jeder etwas f\u00fcr ein buntes Buffet mit. F\u00fcr Getr\u00e4nke sorgt der Verein. <\/p>\n\n\n\n<p>Anmelden k\u00f6nnt ihr euch bei Regina\u00a0<a href=\"tel:01523%206751017\">01523 6751017<\/a>, gerne auch per WhatsApp.<\/p>\n","protected":false},"excerpt":{"rendered":"<p>Der n\u00e4chste Stammtisch findet\u00a0am 25.\u00a0September 2020 um 19.00 Uhr\u00a0bei Regina und Jan in Kleve statt. Hierzu bringt wieder jeder etwas f\u00fcr ein buntes Buffet mit. F\u00fcr Getr\u00e4nke sorgt der Verein. Anmelden k\u00f6nnt ihr euch bei Regina\u00a001523 6751017, gerne auch per WhatsApp.<\/p>\n","protected":false},"author":1,"featured_media":0,"comment_status":"closed","ping_status":"open","sticky":false,"template":"","format":"standard","meta":{"footnotes":""},"categories":[5],"tags":[],"class_list":["post-678","post","type-post","status-publish","format-standard","hentry","category-aktuelles"],"_links":{"self":[{"href":"https:\/\/islandpferdefreunde-zdm.net\/index.php?rest_route=\/wp\/v2\/posts\/678","targetHints":{"allow":["GET"]}}],"collection":[{"href":"https:\/\/islandpferdefreunde-zdm.net\/index.php?rest_route=\/wp\/v2\/posts"}],"about":[{"href":"https:\/\/islandpferdefreunde-zdm.net\/index.php?rest_route=\/wp\/v2\/types\/post"}],"author":[{"embeddable":true,"href":"https:\/\/islandpferdefreunde-zdm.net\/index.php?rest_route=\/wp\/v2\/users\/1"}],"replies":[{"embeddable":true,"href":"https:\/\/islandpferdefreunde-zdm.net\/index.php?rest_route=%2Fwp%2Fv2%2Fcomments&post=678"}],"version-history":[{"count":2,"href":"https:\/\/islandpferdefreunde-zdm.net\/index.php?rest_route=\/wp\/v2\/posts\/678\/revisions"}],"predecessor-version":[{"id":680,"href":"https:\/\/islandpferdefreunde-zdm.net\/index.php?rest_route=\/wp\/v2\/posts\/678\/revisions\/680"}],"wp:attachment":[{"href":"https:\/\/islandpferdefreunde-zdm.net\/index.php?rest_route=%2Fwp%2Fv2%2Fmedia&parent=678"}],"wp:term":[{"taxonomy":"category","embeddable":true,"href":"https:\/\/islandpferdefreunde-zdm.net\/index.php?rest_route=%2Fwp%2Fv2%2Fcategories&post=678"},{"taxonomy":"post_tag","embeddable":true,"href":"https:\/\/islandpferdefreunde-zdm.net\/index.php?rest_route=%2Fwp%2Fv2%2Ftags&post=678"}],"curies":[{"name":"wp","href":"https:\/\/api.w.org\/{rel}","templated":true}]}}