{"id":672,"date":"2020-09-13T08:27:52","date_gmt":"2020-09-13T08:27:52","guid":{"rendered":"http:\/\/islandpferdefreunde-zdm.net\/?p=672"},"modified":"2020-09-13T08:29:11","modified_gmt":"2020-09-13T08:29:11","slug":"neue-vorstandsbilder-fuer-unsere-homepage","status":"publish","type":"post","link":"https:\/\/islandpferdefreunde-zdm.net\/?p=672","title":{"rendered":"Neue Vorstandsbilder f\u00fcr unsere Homepage"},"content":{"rendered":"\n<p>Unser Vereinsmitglied Marte Engelbrecht ist nicht nur begeisterte Islandpferdereiterin, sondern auch eine hervorragende Fotografin. Daher haben wir es ihr zu verdanken, dass nach l\u00e4ngerer Zeit wieder neue Bilder von unserem Vorstand der Islandpferdefreunde zwischen den Meeren entstanden sind.<br><br>Bei einem Fototermin im Juli an der Flensburger F\u00f6rde konnte Marte die sommerliche Abendstimmung wunderbar einfangen und unseren Vorstand vor der sch\u00f6nen Ostsee gekonnt in Szene setzen. Um das Gruppenbild perfekt zu machen, durften nat\u00fcrlich unsere geliebten Islandpferde und die Schleswig-Holstein F\u00e4hnchen als Accessoire nicht fehlen.<br><br>Aktuell setzt sich unser Vorstand aus sechs aktiven Mitgliedern zusammen. Im Vereinsjahr 2020 neu hinzugekommen ist unsere 1. Vorsitzende Brigitta Deutschmann. Durch Birgittas jahrzehntelange Erfahrung in anderen Vereinen, konnte der Vorstand bereits in den ersten Monaten merklich von ihrem \u201eKnow-how\u201c profitieren.<br><br>Wir sind ein Verein f\u00fcr Islandpferdebegeisterte jeden Alters und legen unseren Fokus insbesondere auf Freizeitaktivit\u00e4ten rund um unsere Islandpferde. Durch ein breites Angebot f\u00fcr Freizeitreiter, regelm\u00e4\u00dfige Stammtische und eine aktive \u00d6ffentlichkeitsarbeit wollen wir ein abwechslungsreiches Programm gestalten und damit m\u00f6glichst viele Islandpferdefreunde aus dem Norden zusammenf\u00fchren.<\/p>\n","protected":false},"excerpt":{"rendered":"<p>Unser Vereinsmitglied Marte Engelbrecht ist nicht nur begeisterte Islandpferdereiterin, sondern auch eine hervorragende Fotografin. Daher haben wir es ihr zu verdanken, dass nach l\u00e4ngerer Zeit wieder neue Bilder von unserem Vorstand der Islandpferdefreunde zwischen den Meeren entstanden sind. Bei einem Fototermin im Juli an der Flensburger F\u00f6rde konnte Marte die sommerliche Abendstimmung wunderbar einfangen und [&hellip;]<\/p>\n","protected":false},"author":1,"featured_media":674,"comment_status":"closed","ping_status":"open","sticky":false,"template":"","format":"standard","meta":{"footnotes":""},"categories":[5,4],"tags":[],"class_list":["post-672","post","type-post","status-publish","format-standard","has-post-thumbnail","hentry","category-aktuelles","category-veranstaltungsberichte"],"_links":{"self":[{"href":"https:\/\/islandpferdefreunde-zdm.net\/index.php?rest_route=\/wp\/v2\/posts\/672","targetHints":{"allow":["GET"]}}],"collection":[{"href":"https:\/\/islandpferdefreunde-zdm.net\/index.php?rest_route=\/wp\/v2\/posts"}],"about":[{"href":"https:\/\/islandpferdefreunde-zdm.net\/index.php?rest_route=\/wp\/v2\/types\/post"}],"author":[{"embeddable":true,"href":"https:\/\/islandpferdefreunde-zdm.net\/index.php?rest_route=\/wp\/v2\/users\/1"}],"replies":[{"embeddable":true,"href":"https:\/\/islandpferdefreunde-zdm.net\/index.php?rest_route=%2Fwp%2Fv2%2Fcomments&post=672"}],"version-history":[{"count":3,"href":"https:\/\/islandpferdefreunde-zdm.net\/index.php?rest_route=\/wp\/v2\/posts\/672\/revisions"}],"predecessor-version":[{"id":676,"href":"https:\/\/islandpferdefreunde-zdm.net\/index.php?rest_route=\/wp\/v2\/posts\/672\/revisions\/676"}],"wp:featuredmedia":[{"embeddable":true,"href":"https:\/\/islandpferdefreunde-zdm.net\/index.php?rest_route=\/wp\/v2\/media\/674"}],"wp:attachment":[{"href":"https:\/\/islandpferdefreunde-zdm.net\/index.php?rest_route=%2Fwp%2Fv2%2Fmedia&parent=672"}],"wp:term":[{"taxonomy":"category","embeddable":true,"href":"https:\/\/islandpferdefreunde-zdm.net\/index.php?rest_route=%2Fwp%2Fv2%2Fcategories&post=672"},{"taxonomy":"post_tag","embeddable":true,"href":"https:\/\/islandpferdefreunde-zdm.net\/index.php?rest_route=%2Fwp%2Fv2%2Ftags&post=672"}],"curies":[{"name":"wp","href":"https:\/\/api.w.org\/{rel}","templated":true}]}}