{"id":659,"date":"2020-09-04T18:59:32","date_gmt":"2020-09-04T18:59:32","guid":{"rendered":"http:\/\/islandpferdefreunde-zdm.net\/?p=659"},"modified":"2020-09-04T19:01:01","modified_gmt":"2020-09-04T19:01:01","slug":"allgemeiner-reitkurs-mit-yvonne-krimmel","status":"publish","type":"post","link":"https:\/\/islandpferdefreunde-zdm.net\/?p=659","title":{"rendered":"Allgemeiner Reitkurs mit Yvonne Krimmel"},"content":{"rendered":"\n<p>Der allj\u00e4hrliche&nbsp;Reitkurs&nbsp;mit Yvonne fand diesmal vom 29.-30. August auf dem&nbsp;Walkenhof&nbsp;in&nbsp;Freienwill&nbsp;statt. Unter&nbsp;coronabedingten&nbsp;Einschr\u00e4nkungen trafen sich sechs Teilnehmer am Samstagmorgen mit Sack und Pack und Pferd zu einer ersten Vorbesprechung und Kennlernrunde. Da Yvonne vier von uns bereits von den vorherigen Kursen kannte, stellten sich die beiden Neulinge und ihre Pferde vor und die alten Hasen berichteten \u00fcber Fortschritte und aktuelle reiterliche Herausforderungen. Dann ging es los mit Einzelstunden, im \u00dcbrigen bei allerbestem Wetter, ganz entgegen der Vorhersage. Yvonne sah sich jedes Pferd-Reiter-Paar genau an und besprach den Schwerpunkt f\u00fcr die weiteren Einheiten. Das wie immer reichliche Mittagessen konnte bei Sonnenschein drau\u00dfen stattfinden, so dass alle satt, sonnenschwer und ein wenig schl\u00e4frig in die Doppelstunden am Nachmittag starteten.&nbsp;Sa\u00df&nbsp;man allerdings erstmal wieder auf Pferd&nbsp;war man dann&nbsp;schnell&nbsp;wieder wach.&nbsp;Yvonne holte die Teilnehmer&nbsp;immer genau da ab, wo man grade stand,&nbsp;undgab&nbsp;mit viel Erfahrung und Leidenschaft passende Tipps&nbsp;f\u00fcr Pferd und Reiter.&nbsp;Ob T\u00f6lt, Trab, Schenkelgehorsam oder Dressur \u2013 f\u00fcr jeden fand sie verst\u00e4ndliche Hilfen, Bilder und Beispiele, so dass&nbsp;die Fortschritte dann auch nicht lange auf sich warten&nbsp;lie\u00dfen. Man sah schnell&nbsp;den Erfolg und das motivierte dann nat\u00fcrlich umso mehr.&nbsp;<\/p>\n\n\n\n<p>Am Sonntag ging es morgens&nbsp;erneut&nbsp;mit Einzelstunden los, nachmittags waren dann aber doch alle froh, die Pausen in den Doppelstunden f\u00fcr eine kurze Entspannung nutzen zu k\u00f6nnen. Sowohl Pferde als auch Reiter waren&nbsp;ganz sch\u00f6n kaputt, zumal die Sonne nicht geizte und ganz ordentlich strahlte und W\u00e4rme schickte. Am Ende waren sich alle wieder einig, dass die zwei Tage ein voller Erfolg waren \u2013 sowohl reit- als auch stimmungstechnisch&nbsp;J&nbsp;Es hat erneut unheimlich viel Spa\u00df gemacht, alle sind voll mit neuen Ideen und gereiften Pl\u00e4nen f\u00fcrs Weiter\u00fcben nach Hause gefahren.&nbsp;Ganz&nbsp;herzlichen&nbsp;Dank daf\u00fcr, liebe Yvonne. Es war wie immer ein&nbsp;Fest mit dir!&nbsp;<\/p>\n\n\n\n<p>Ein riesen Dank geht auch an Conny Mau, dass wir&nbsp;die Anlage f\u00fcr den Kurs in Beschlag nehmen durften.&nbsp;Wer mehr \u00fcber Yvonne erfahren m\u00f6chte kann sich auf ihrer Homepage \u00fcber ihre Arbeit und \u00fcber den Islandpferdehof&nbsp;Suderburg informieren &nbsp;<a href=\"https:\/\/www.islandpferdehof-suderburg.de\/\">https:\/\/www.islandpferdehof-suderburg.de\/<\/a><\/p>\n\n\n\n<figure class=\"wp-block-gallery columns-3 is-cropped wp-block-gallery-1 is-layout-flex wp-block-gallery-is-layout-flex\"><ul class=\"blocks-gallery-grid\"><li class=\"blocks-gallery-item\"><figure><img loading=\"lazy\" decoding=\"async\" width=\"1024\" height=\"768\" src=\"http:\/\/islandpferdefreunde-zdm.net\/wp-content\/uploads\/2020\/09\/BE4B5D97-B28E-454D-890E-D26731229939.jpeg\" alt=\"\" data-id=\"661\" data-full-url=\"http:\/\/islandpferdefreunde-zdm.net\/wp-content\/uploads\/2020\/09\/BE4B5D97-B28E-454D-890E-D26731229939.jpeg\" data-link=\"http:\/\/islandpferdefreunde-zdm.net\/?attachment_id=661\" class=\"wp-image-661\" srcset=\"https:\/\/islandpferdefreunde-zdm.net\/wp-content\/uploads\/2020\/09\/BE4B5D97-B28E-454D-890E-D26731229939.jpeg 1024w, https:\/\/islandpferdefreunde-zdm.net\/wp-content\/uploads\/2020\/09\/BE4B5D97-B28E-454D-890E-D26731229939-300x225.jpeg 300w, https:\/\/islandpferdefreunde-zdm.net\/wp-content\/uploads\/2020\/09\/BE4B5D97-B28E-454D-890E-D26731229939-768x576.jpeg 768w, https:\/\/islandpferdefreunde-zdm.net\/wp-content\/uploads\/2020\/09\/BE4B5D97-B28E-454D-890E-D26731229939-600x450.jpeg 600w, https:\/\/islandpferdefreunde-zdm.net\/wp-content\/uploads\/2020\/09\/BE4B5D97-B28E-454D-890E-D26731229939-945x709.jpeg 945w\" sizes=\"auto, (max-width: 1024px) 100vw, 1024px\" \/><\/figure><\/li><li class=\"blocks-gallery-item\"><figure><img loading=\"lazy\" decoding=\"async\" width=\"768\" height=\"1024\" src=\"http:\/\/islandpferdefreunde-zdm.net\/wp-content\/uploads\/2020\/09\/220F251B-B425-4EC9-90C3-30B93E859824.jpeg\" alt=\"\" data-id=\"662\" data-full-url=\"http:\/\/islandpferdefreunde-zdm.net\/wp-content\/uploads\/2020\/09\/220F251B-B425-4EC9-90C3-30B93E859824.jpeg\" data-link=\"http:\/\/islandpferdefreunde-zdm.net\/?attachment_id=662\" class=\"wp-image-662\" srcset=\"https:\/\/islandpferdefreunde-zdm.net\/wp-content\/uploads\/2020\/09\/220F251B-B425-4EC9-90C3-30B93E859824.jpeg 768w, https:\/\/islandpferdefreunde-zdm.net\/wp-content\/uploads\/2020\/09\/220F251B-B425-4EC9-90C3-30B93E859824-225x300.jpeg 225w, https:\/\/islandpferdefreunde-zdm.net\/wp-content\/uploads\/2020\/09\/220F251B-B425-4EC9-90C3-30B93E859824-600x800.jpeg 600w\" sizes=\"auto, (max-width: 768px) 100vw, 768px\" \/><\/figure><\/li><li class=\"blocks-gallery-item\"><figure><img loading=\"lazy\" decoding=\"async\" width=\"1024\" height=\"768\" src=\"http:\/\/islandpferdefreunde-zdm.net\/wp-content\/uploads\/2020\/09\/8612939B-A823-4DDC-8A08-743B33EDB3B3.jpeg\" alt=\"\" data-id=\"663\" data-full-url=\"http:\/\/islandpferdefreunde-zdm.net\/wp-content\/uploads\/2020\/09\/8612939B-A823-4DDC-8A08-743B33EDB3B3.jpeg\" data-link=\"http:\/\/islandpferdefreunde-zdm.net\/?attachment_id=663\" class=\"wp-image-663\" srcset=\"https:\/\/islandpferdefreunde-zdm.net\/wp-content\/uploads\/2020\/09\/8612939B-A823-4DDC-8A08-743B33EDB3B3.jpeg 1024w, https:\/\/islandpferdefreunde-zdm.net\/wp-content\/uploads\/2020\/09\/8612939B-A823-4DDC-8A08-743B33EDB3B3-300x225.jpeg 300w, https:\/\/islandpferdefreunde-zdm.net\/wp-content\/uploads\/2020\/09\/8612939B-A823-4DDC-8A08-743B33EDB3B3-768x576.jpeg 768w, https:\/\/islandpferdefreunde-zdm.net\/wp-content\/uploads\/2020\/09\/8612939B-A823-4DDC-8A08-743B33EDB3B3-600x450.jpeg 600w, https:\/\/islandpferdefreunde-zdm.net\/wp-content\/uploads\/2020\/09\/8612939B-A823-4DDC-8A08-743B33EDB3B3-945x709.jpeg 945w\" sizes=\"auto, (max-width: 1024px) 100vw, 1024px\" \/><\/figure><\/li><\/ul><\/figure>\n","protected":false},"excerpt":{"rendered":"<p>Der allj\u00e4hrliche&nbsp;Reitkurs&nbsp;mit Yvonne fand diesmal vom 29.-30. August auf dem&nbsp;Walkenhof&nbsp;in&nbsp;Freienwill&nbsp;statt. Unter&nbsp;coronabedingten&nbsp;Einschr\u00e4nkungen trafen sich sechs Teilnehmer am Samstagmorgen mit Sack und Pack und Pferd zu einer ersten Vorbesprechung und Kennlernrunde. Da Yvonne vier von uns bereits von den vorherigen Kursen kannte, stellten sich die beiden Neulinge und ihre Pferde vor und die alten Hasen berichteten \u00fcber [&hellip;]<\/p>\n","protected":false},"author":1,"featured_media":663,"comment_status":"closed","ping_status":"open","sticky":false,"template":"","format":"standard","meta":{"footnotes":""},"categories":[5,24,4],"tags":[],"class_list":["post-659","post","type-post","status-publish","format-standard","has-post-thumbnail","hentry","category-aktuelles","category-erfahrungsbericht","category-veranstaltungsberichte"],"_links":{"self":[{"href":"https:\/\/islandpferdefreunde-zdm.net\/index.php?rest_route=\/wp\/v2\/posts\/659","targetHints":{"allow":["GET"]}}],"collection":[{"href":"https:\/\/islandpferdefreunde-zdm.net\/index.php?rest_route=\/wp\/v2\/posts"}],"about":[{"href":"https:\/\/islandpferdefreunde-zdm.net\/index.php?rest_route=\/wp\/v2\/types\/post"}],"author":[{"embeddable":true,"href":"https:\/\/islandpferdefreunde-zdm.net\/index.php?rest_route=\/wp\/v2\/users\/1"}],"replies":[{"embeddable":true,"href":"https:\/\/islandpferdefreunde-zdm.net\/index.php?rest_route=%2Fwp%2Fv2%2Fcomments&post=659"}],"version-history":[{"count":2,"href":"https:\/\/islandpferdefreunde-zdm.net\/index.php?rest_route=\/wp\/v2\/posts\/659\/revisions"}],"predecessor-version":[{"id":664,"href":"https:\/\/islandpferdefreunde-zdm.net\/index.php?rest_route=\/wp\/v2\/posts\/659\/revisions\/664"}],"wp:featuredmedia":[{"embeddable":true,"href":"https:\/\/islandpferdefreunde-zdm.net\/index.php?rest_route=\/wp\/v2\/media\/663"}],"wp:attachment":[{"href":"https:\/\/islandpferdefreunde-zdm.net\/index.php?rest_route=%2Fwp%2Fv2%2Fmedia&parent=659"}],"wp:term":[{"taxonomy":"category","embeddable":true,"href":"https:\/\/islandpferdefreunde-zdm.net\/index.php?rest_route=%2Fwp%2Fv2%2Fcategories&post=659"},{"taxonomy":"post_tag","embeddable":true,"href":"https:\/\/islandpferdefreunde-zdm.net\/index.php?rest_route=%2Fwp%2Fv2%2Ftags&post=659"}],"curies":[{"name":"wp","href":"https:\/\/api.w.org\/{rel}","templated":true}]}}