{"id":326,"date":"2019-08-25T15:06:36","date_gmt":"2019-08-25T15:06:36","guid":{"rendered":"http:\/\/islandpferdefreunde-zdm.net\/?p=326"},"modified":"2019-08-25T15:09:42","modified_gmt":"2019-08-25T15:09:42","slug":"seminar-typisch-islandpferd","status":"publish","type":"post","link":"https:\/\/islandpferdefreunde-zdm.net\/?p=326","title":{"rendered":"Terminank\u00fcndigung: Seminar                          Typisch Islandpferd?!"},"content":{"rendered":"\n<p><\/p>\n\n\n\n<p><\/p>\n\n\n\n<p>\nKurzer R\u00fccken? Tiefer Halsansatz? \u00dcberbaut? \u2013 Typisch Islandpferd?!<\/p>\n\n\n\n<p>Am Seminartag soll es ausnahmsweise einmal um die \u00e4u\u00dferen Werte unserer geliebten Islandpferde gehen. Selbstverst\u00e4ndlich sind sie die sch\u00f6nsten Pferde der Welt, dennoch ist ihr K\u00f6rperbau nicht immer unproblematisch. Deshalb versuchen wir einige dieser Probleme\/Fragen anzugehen:<br>&#8211;\tExterieur-Betrachtung: Welche Schwierigkeiten k\u00f6nnen sich   <br>         aus bestimmten Exterieurgegebenheiten ergeben?<br>&#8211;\tWie kann ich durch gezieltes Training mit diesen <br>         Gegebenheiten umgehen und mein Pferd unterst\u00fctzen?<br>&#8211;\tWelche M\u00f6glichkeiten gibt es noch u.U. problematischen <br>          Geb\u00e4udemerkmalen entgegenzuwirken oder vorzubeugen?<\/p>\n\n\n\n<p>Um euch zu erm\u00f6glichen, eure eigenen Pferde besser einsch\u00e4tzen zu k\u00f6nnen, werden wir mit einer kleinen Einf\u00fchrung in die Exterieurbeurteilung starten. <br>Anschlie\u00dfend versuche ich euch kurz und verst\u00e4ndlich die Anatomie hinter einigen der m\u00f6glicherweise schwierigen Geb\u00e4udemerkmalen etwas n\u00e4her zu bringen. Es wird dabei u.a. um Knochen, Muskeln und B\u00e4nder gehen. <br>Auf dieser Grundlage aufbauend wollen wir \u00fcber m\u00f6gliche \u00dcbungen, Trainingsaufbau und \u2013ziele, aber auch \u00fcber Hilfsmittel und physiotherapeutische M\u00f6glichkeiten reden. <\/p>\n\n\n\n<p>F\u00fcr Fragen ist nat\u00fcrlich auch immer Platz. <\/p>\n\n\n\n<p>Habt ihr im Vorwege spezielle W\u00fcnsche\/ Themen\/ Fragen, lasst es mich bitte rechtzeitig wissen, damit ich mich angemessen darauf vorbereiten kann. <\/p>\n\n\n\n<p>Termin:  03.10.2019<br>Dauer: ca. 4 Std (inkl. Pause mit  Br\u00f6tchen, Kaffee\/Tee)<br>Kosten: 30 \u20ac\/Person (min. 8 Teilnehmer)<br>Referentin: Katharina Vo\u00df, M.Sc. Agrar (Tierzucht und \u2013haltung), Tierosteopathin und \u2013physiotherapeutin, Dozentin am Fachzentrum f\u00fcr Pferdeosteopathie (ZePo, fn-anerkannt)<\/p>\n\n\n\n<p>Bei Fragen oder Interesse meldet euch gerne via Mail an:   katharina_voss_@gmx.de\n\n<\/p>\n","protected":false},"excerpt":{"rendered":"<p>Kurzer R\u00fccken? Tiefer Halsansatz? \u00dcberbaut? \u2013 Typisch Islandpferd?! Am Seminartag soll es ausnahmsweise einmal um die \u00e4u\u00dferen Werte unserer geliebten Islandpferde gehen. Selbstverst\u00e4ndlich sind sie die sch\u00f6nsten Pferde der Welt, dennoch ist ihr K\u00f6rperbau nicht immer unproblematisch. Deshalb versuchen wir einige dieser Probleme\/Fragen anzugehen:&#8211; Exterieur-Betrachtung: Welche Schwierigkeiten k\u00f6nnen sich aus bestimmten Exterieurgegebenheiten ergeben?&#8211; Wie kann [&hellip;]<\/p>\n","protected":false},"author":1,"featured_media":328,"comment_status":"closed","ping_status":"open","sticky":false,"template":"","format":"standard","meta":{"footnotes":""},"categories":[25],"tags":[],"class_list":["post-326","post","type-post","status-publish","format-standard","has-post-thumbnail","hentry","category-terminankuendigung"],"_links":{"self":[{"href":"https:\/\/islandpferdefreunde-zdm.net\/index.php?rest_route=\/wp\/v2\/posts\/326","targetHints":{"allow":["GET"]}}],"collection":[{"href":"https:\/\/islandpferdefreunde-zdm.net\/index.php?rest_route=\/wp\/v2\/posts"}],"about":[{"href":"https:\/\/islandpferdefreunde-zdm.net\/index.php?rest_route=\/wp\/v2\/types\/post"}],"author":[{"embeddable":true,"href":"https:\/\/islandpferdefreunde-zdm.net\/index.php?rest_route=\/wp\/v2\/users\/1"}],"replies":[{"embeddable":true,"href":"https:\/\/islandpferdefreunde-zdm.net\/index.php?rest_route=%2Fwp%2Fv2%2Fcomments&post=326"}],"version-history":[{"count":3,"href":"https:\/\/islandpferdefreunde-zdm.net\/index.php?rest_route=\/wp\/v2\/posts\/326\/revisions"}],"predecessor-version":[{"id":330,"href":"https:\/\/islandpferdefreunde-zdm.net\/index.php?rest_route=\/wp\/v2\/posts\/326\/revisions\/330"}],"wp:featuredmedia":[{"embeddable":true,"href":"https:\/\/islandpferdefreunde-zdm.net\/index.php?rest_route=\/wp\/v2\/media\/328"}],"wp:attachment":[{"href":"https:\/\/islandpferdefreunde-zdm.net\/index.php?rest_route=%2Fwp%2Fv2%2Fmedia&parent=326"}],"wp:term":[{"taxonomy":"category","embeddable":true,"href":"https:\/\/islandpferdefreunde-zdm.net\/index.php?rest_route=%2Fwp%2Fv2%2Fcategories&post=326"},{"taxonomy":"post_tag","embeddable":true,"href":"https:\/\/islandpferdefreunde-zdm.net\/index.php?rest_route=%2Fwp%2Fv2%2Ftags&post=326"}],"curies":[{"name":"wp","href":"https:\/\/api.w.org\/{rel}","templated":true}]}}