{"id":169,"date":"2018-01-20T15:24:58","date_gmt":"2018-01-20T15:24:58","guid":{"rendered":"http:\/\/islandpferdefreunde-zdm.net\/?p=169"},"modified":"2018-01-20T18:26:23","modified_gmt":"2018-01-20T18:26:23","slug":"vortragsabend-atemwege","status":"publish","type":"post","link":"https:\/\/islandpferdefreunde-zdm.net\/?p=169","title":{"rendered":"Vortragsabend &#8222;Atemwege&#8220;"},"content":{"rendered":"<h4>&#8222;Die Atemwege des Pferdes&#8220;\u00a0\u00a0 ein Vortrag von C. Parzentny-Mau<\/h4>\n<p><img loading=\"lazy\" decoding=\"async\" class=\"size-full wp-image-170 alignright\" src=\"http:\/\/islandpferdefreunde-zdm.net\/wp-content\/uploads\/2018\/01\/BerichtVortragAtemwege2.png\" alt=\"\" width=\"200\" height=\"119\" \/>Einen sehr informativen Vortrag hielt Conny Parzentny-Mau am 4.11.2016 im Alten Kirchkrug in Gro\u00dfsolt. Erkl\u00e4rt wurden die Hauptaufgaben der Atmung, Atemwegserkrankungen, Diagnostik und Therapien, insbesondere die von ihr angebotene Salzraumtherapie in Freienwill auf dem WALKENHOF .Skizzen veranschaulichten Anatomie sowie die einzelnen Zusammenh\u00e4nge. Zahlen und Fakten lie\u00dfen &#8222;staunen&#8220;.So atmet ein Pferd z.B im Galopp ca. 1800 Liter Luft ein und das Atemzugsvolumen in Ruhe betr\u00e4gt ganze 4-6 Liter pro Atemzug .Es war ein rundum interessanter Vortrag ,der f\u00fcr reichlich &#8222;Input&#8220; sorgte!<\/p>\n<p>Ein gro\u00dfes Dankesch\u00f6n an Conny!<\/p>\n","protected":false},"excerpt":{"rendered":"<p>&#8222;Die Atemwege des Pferdes&#8220;\u00a0\u00a0 ein Vortrag von C. Parzentny-Mau Einen sehr informativen Vortrag hielt Conny Parzentny-Mau am 4.11.2016 im Alten Kirchkrug in Gro\u00dfsolt. Erkl\u00e4rt wurden die Hauptaufgaben der Atmung, Atemwegserkrankungen, Diagnostik und Therapien, insbesondere die von ihr angebotene Salzraumtherapie in Freienwill auf dem WALKENHOF .Skizzen veranschaulichten Anatomie sowie die einzelnen Zusammenh\u00e4nge. Zahlen und Fakten lie\u00dfen [&hellip;]<\/p>\n","protected":false},"author":1,"featured_media":171,"comment_status":"closed","ping_status":"open","sticky":false,"template":"","format":"standard","meta":{"footnotes":""},"categories":[4],"tags":[11,12],"class_list":["post-169","post","type-post","status-publish","format-standard","has-post-thumbnail","hentry","category-veranstaltungsberichte","tag-ohne-pferd","tag-vortragsabend"],"_links":{"self":[{"href":"https:\/\/islandpferdefreunde-zdm.net\/index.php?rest_route=\/wp\/v2\/posts\/169","targetHints":{"allow":["GET"]}}],"collection":[{"href":"https:\/\/islandpferdefreunde-zdm.net\/index.php?rest_route=\/wp\/v2\/posts"}],"about":[{"href":"https:\/\/islandpferdefreunde-zdm.net\/index.php?rest_route=\/wp\/v2\/types\/post"}],"author":[{"embeddable":true,"href":"https:\/\/islandpferdefreunde-zdm.net\/index.php?rest_route=\/wp\/v2\/users\/1"}],"replies":[{"embeddable":true,"href":"https:\/\/islandpferdefreunde-zdm.net\/index.php?rest_route=%2Fwp%2Fv2%2Fcomments&post=169"}],"version-history":[{"count":2,"href":"https:\/\/islandpferdefreunde-zdm.net\/index.php?rest_route=\/wp\/v2\/posts\/169\/revisions"}],"predecessor-version":[{"id":173,"href":"https:\/\/islandpferdefreunde-zdm.net\/index.php?rest_route=\/wp\/v2\/posts\/169\/revisions\/173"}],"wp:featuredmedia":[{"embeddable":true,"href":"https:\/\/islandpferdefreunde-zdm.net\/index.php?rest_route=\/wp\/v2\/media\/171"}],"wp:attachment":[{"href":"https:\/\/islandpferdefreunde-zdm.net\/index.php?rest_route=%2Fwp%2Fv2%2Fmedia&parent=169"}],"wp:term":[{"taxonomy":"category","embeddable":true,"href":"https:\/\/islandpferdefreunde-zdm.net\/index.php?rest_route=%2Fwp%2Fv2%2Fcategories&post=169"},{"taxonomy":"post_tag","embeddable":true,"href":"https:\/\/islandpferdefreunde-zdm.net\/index.php?rest_route=%2Fwp%2Fv2%2Ftags&post=169"}],"curies":[{"name":"wp","href":"https:\/\/api.w.org\/{rel}","templated":true}]}}