{"id":1466,"date":"2024-10-13T08:16:08","date_gmt":"2024-10-13T08:16:08","guid":{"rendered":"https:\/\/islandpferdefreunde-zdm.net\/?p=1466"},"modified":"2024-10-13T08:16:08","modified_gmt":"2024-10-13T08:16:08","slug":"fotowettbewerb","status":"publish","type":"post","link":"https:\/\/islandpferdefreunde-zdm.net\/?p=1466","title":{"rendered":"Fotowettbewerb"},"content":{"rendered":"\n<p>Uns fehlen f\u00fcr eine Fotogalerie auf dieser Webseite richtig tolle Fotos von unseren Vierbeinern. Daf\u00fcr m\u00f6chten wir euch zu einem <strong>Fotowettbewerb<\/strong> einladen: Schickt uns <strong>bis zum 31.1.25<\/strong> ein selbst geschossenes digitales Foto rund um unsere Isis, mit dem ihr teilnehmen wollt. Bitte nur ein Foto pro Teilnehmer*in. Mit der Einsendung gebt ihr euer Einverst\u00e4ndnis, dass wir das Foto anschlie\u00dfend auf unserer Webseite nutzen d\u00fcrfen. Die besten drei Fotos werden auf der Jahreshauptversammlung von den anwesenden Mitgliedern gew\u00e4hlt und die Gewinner*innen erhalten ein Vereins-T-Shirt.\u00a0<\/p>\n\n\n\n<p>Wir freuen uns auf rege Beteiligung und nat\u00fcrlich auf eure Schnappsch\u00fcsse!<\/p>\n\n\n\n<p><\/p>\n","protected":false},"excerpt":{"rendered":"<p>Uns fehlen f\u00fcr eine Fotogalerie auf dieser Webseite richtig tolle Fotos von unseren Vierbeinern. Daf\u00fcr m\u00f6chten wir euch zu einem Fotowettbewerb einladen: Schickt uns bis zum 31.1.25 ein selbst geschossenes digitales Foto rund um unsere Isis, mit dem ihr teilnehmen wollt. Bitte nur ein Foto pro Teilnehmer*in. Mit der Einsendung gebt ihr euer Einverst\u00e4ndnis, dass [&hellip;]<\/p>\n","protected":false},"author":1,"featured_media":0,"comment_status":"closed","ping_status":"open","sticky":false,"template":"","format":"standard","meta":{"footnotes":""},"categories":[5],"tags":[],"class_list":["post-1466","post","type-post","status-publish","format-standard","hentry","category-aktuelles"],"_links":{"self":[{"href":"https:\/\/islandpferdefreunde-zdm.net\/index.php?rest_route=\/wp\/v2\/posts\/1466","targetHints":{"allow":["GET"]}}],"collection":[{"href":"https:\/\/islandpferdefreunde-zdm.net\/index.php?rest_route=\/wp\/v2\/posts"}],"about":[{"href":"https:\/\/islandpferdefreunde-zdm.net\/index.php?rest_route=\/wp\/v2\/types\/post"}],"author":[{"embeddable":true,"href":"https:\/\/islandpferdefreunde-zdm.net\/index.php?rest_route=\/wp\/v2\/users\/1"}],"replies":[{"embeddable":true,"href":"https:\/\/islandpferdefreunde-zdm.net\/index.php?rest_route=%2Fwp%2Fv2%2Fcomments&post=1466"}],"version-history":[{"count":1,"href":"https:\/\/islandpferdefreunde-zdm.net\/index.php?rest_route=\/wp\/v2\/posts\/1466\/revisions"}],"predecessor-version":[{"id":1467,"href":"https:\/\/islandpferdefreunde-zdm.net\/index.php?rest_route=\/wp\/v2\/posts\/1466\/revisions\/1467"}],"wp:attachment":[{"href":"https:\/\/islandpferdefreunde-zdm.net\/index.php?rest_route=%2Fwp%2Fv2%2Fmedia&parent=1466"}],"wp:term":[{"taxonomy":"category","embeddable":true,"href":"https:\/\/islandpferdefreunde-zdm.net\/index.php?rest_route=%2Fwp%2Fv2%2Fcategories&post=1466"},{"taxonomy":"post_tag","embeddable":true,"href":"https:\/\/islandpferdefreunde-zdm.net\/index.php?rest_route=%2Fwp%2Fv2%2Ftags&post=1466"}],"curies":[{"name":"wp","href":"https:\/\/api.w.org\/{rel}","templated":true}]}}