{"id":125,"date":"2018-01-20T14:43:16","date_gmt":"2018-01-20T14:43:16","guid":{"rendered":"http:\/\/islandpferdefreunde-zdm.net\/?p=125"},"modified":"2018-01-20T14:43:16","modified_gmt":"2018-01-20T14:43:16","slug":"stafettenritt-2015","status":"publish","type":"post","link":"https:\/\/islandpferdefreunde-zdm.net\/?p=125","title":{"rendered":"Stafettenritt 2015"},"content":{"rendered":"<p>Am 14. Juli\u00a0wurde die Stafette in die H\u00e4nde der Islandpferdefreunde zwisc<\/p>\n<p>hen den Meeren gegeben. Auf dem Weg von Berlin zum neuen WM-Austragungsort Herning in D\u00e4nemark kam die Stafette nat\u00fcrlich nicht an uns vorbei.<\/p>\n<p>Mit der F\u00e4hre &#8222;Fischerh\u00fctte&#8220; kamen die Pferde und Reiter, von denen der ein oder andere schon einige Etappen in den vorherigen Tagen mitgeritten sind, uns \u00fcber den Nord-Ostsee-Kanal entgegen.<br \/>\nCorinna Langer \u00fcbergab unserer Vorstandsvorsitzenden Margrit Schoo die Stafette und l\u00e4utete somit einen fast dreist\u00fcndigen Ritt \u00fcber Plattenwege und sogar quer durchs Maisfeld ein.<\/p>\n<div id='gallery-1' class='gallery galleryid-125 gallery-columns-2 gallery-size-thumbnail'><figure class='gallery-item'>\n\t\t\t<div class='gallery-icon landscape'>\n\t\t\t\t<a href='https:\/\/islandpferdefreunde-zdm.net\/?attachment_id=130'><img loading=\"lazy\" decoding=\"async\" width=\"150\" height=\"150\" src=\"https:\/\/islandpferdefreunde-zdm.net\/wp-content\/uploads\/2018\/01\/BerichtStaffette2015Stafetten\u00fcbergabe-150x150.jpg\" class=\"attachment-thumbnail size-thumbnail\" alt=\"\" \/><\/a>\n\t\t\t<\/div><\/figure><figure class='gallery-item'>\n\t\t\t<div class='gallery-icon landscape'>\n\t\t\t\t<a href='https:\/\/islandpferdefreunde-zdm.net\/?attachment_id=129'><img loading=\"lazy\" decoding=\"async\" width=\"150\" height=\"150\" src=\"https:\/\/islandpferdefreunde-zdm.net\/wp-content\/uploads\/2018\/01\/BerichtStaffette2015Pause-150x150.jpg\" class=\"attachment-thumbnail size-thumbnail\" alt=\"\" \/><\/a>\n\t\t\t<\/div><\/figure><figure class='gallery-item'>\n\t\t\t<div class='gallery-icon landscape'>\n\t\t\t\t<a href='https:\/\/islandpferdefreunde-zdm.net\/?attachment_id=128'><img loading=\"lazy\" decoding=\"async\" width=\"150\" height=\"150\" src=\"https:\/\/islandpferdefreunde-zdm.net\/wp-content\/uploads\/2018\/01\/BerichtStaffette2015Grenze-150x150.jpg\" class=\"attachment-thumbnail size-thumbnail\" alt=\"\" \/><\/a>\n\t\t\t<\/div><\/figure><figure class='gallery-item'>\n\t\t\t<div class='gallery-icon landscape'>\n\t\t\t\t<a href='https:\/\/islandpferdefreunde-zdm.net\/?attachment_id=127'><img loading=\"lazy\" decoding=\"async\" width=\"150\" height=\"150\" src=\"https:\/\/islandpferdefreunde-zdm.net\/wp-content\/uploads\/2018\/01\/BerichtStaffette2015Fischerh\u00fctte-150x150.jpg\" class=\"attachment-thumbnail size-thumbnail\" alt=\"\" \/><\/a>\n\t\t\t<\/div><\/figure>\n\t\t<\/div>\n\n<p>Die zweite Etappe startete dann von D\u00f6rpling aus nach Winnert. 35 km absolvierten die 13 Reiter-Pferde-Paare. Es folgte die Strecke nach Behrendorf und von Behrendorf nach Sillerup.<\/p>\n<p>Das Wetter war nahezu perfekt\u00a0und die Stimmung war super. So wurde die\u00a0Stafette dann zur d\u00e4nischen Grenze geritten und feierlich \u00fcbergeben. Um 15 Uhr kamen rund 50 deutsche und d\u00e4nische Stafettenreiter und -pferde in Ellund an, wo nur ein kleiner Stein die Grenze markierte. Auch viele Besucher und Reiter der letzten Etappen schauten sich die feierliche Stafetten\u00fcbergabe an.<\/p>\n<p>Es war ein gro\u00dfer Ritt: Gro\u00dfe Organisation, gro\u00dfe Motivation, gro\u00dfes Engagement, gro\u00dfe Etappen und gro\u00dfe Freude, dass wir dabei sein durften!<\/p>\n<p>&nbsp;<\/p>\n","protected":false},"excerpt":{"rendered":"<p>Am 14. Juli\u00a0wurde die Stafette in die H\u00e4nde der Islandpferdefreunde zwisc hen den Meeren gegeben. Auf dem Weg von Berlin zum neuen WM-Austragungsort Herning in D\u00e4nemark kam die Stafette nat\u00fcrlich nicht an uns vorbei. Mit der F\u00e4hre &#8222;Fischerh\u00fctte&#8220; kamen die Pferde und Reiter, von denen der ein oder andere schon einige Etappen in den vorherigen [&hellip;]<\/p>\n","protected":false},"author":1,"featured_media":126,"comment_status":"closed","ping_status":"open","sticky":false,"template":"","format":"standard","meta":{"footnotes":""},"categories":[4],"tags":[9],"class_list":["post-125","post","type-post","status-publish","format-standard","has-post-thumbnail","hentry","category-veranstaltungsberichte","tag-stafettenritt"],"_links":{"self":[{"href":"https:\/\/islandpferdefreunde-zdm.net\/index.php?rest_route=\/wp\/v2\/posts\/125","targetHints":{"allow":["GET"]}}],"collection":[{"href":"https:\/\/islandpferdefreunde-zdm.net\/index.php?rest_route=\/wp\/v2\/posts"}],"about":[{"href":"https:\/\/islandpferdefreunde-zdm.net\/index.php?rest_route=\/wp\/v2\/types\/post"}],"author":[{"embeddable":true,"href":"https:\/\/islandpferdefreunde-zdm.net\/index.php?rest_route=\/wp\/v2\/users\/1"}],"replies":[{"embeddable":true,"href":"https:\/\/islandpferdefreunde-zdm.net\/index.php?rest_route=%2Fwp%2Fv2%2Fcomments&post=125"}],"version-history":[{"count":1,"href":"https:\/\/islandpferdefreunde-zdm.net\/index.php?rest_route=\/wp\/v2\/posts\/125\/revisions"}],"predecessor-version":[{"id":131,"href":"https:\/\/islandpferdefreunde-zdm.net\/index.php?rest_route=\/wp\/v2\/posts\/125\/revisions\/131"}],"wp:featuredmedia":[{"embeddable":true,"href":"https:\/\/islandpferdefreunde-zdm.net\/index.php?rest_route=\/wp\/v2\/media\/126"}],"wp:attachment":[{"href":"https:\/\/islandpferdefreunde-zdm.net\/index.php?rest_route=%2Fwp%2Fv2%2Fmedia&parent=125"}],"wp:term":[{"taxonomy":"category","embeddable":true,"href":"https:\/\/islandpferdefreunde-zdm.net\/index.php?rest_route=%2Fwp%2Fv2%2Fcategories&post=125"},{"taxonomy":"post_tag","embeddable":true,"href":"https:\/\/islandpferdefreunde-zdm.net\/index.php?rest_route=%2Fwp%2Fv2%2Ftags&post=125"}],"curies":[{"name":"wp","href":"https:\/\/api.w.org\/{rel}","templated":true}]}}