{"id":1236,"date":"2024-05-18T08:03:27","date_gmt":"2024-05-18T08:03:27","guid":{"rendered":"http:\/\/islandpferdefreunde-zdm.net\/?p=1236"},"modified":"2024-05-18T08:03:27","modified_gmt":"2024-05-18T08:03:27","slug":"update-zum-stammtisch-bei-katharina-am-31-05-24-in-rabenkirchenholz","status":"publish","type":"post","link":"https:\/\/islandpferdefreunde-zdm.net\/?p=1236","title":{"rendered":"Update zum Stammtisch bei Katharina am 31.05.24 in Rabenkirchenholz"},"content":{"rendered":"\n<p>Liebe Islandpferdefreunde, der kommende Stammtisch findet wie bereits angek\u00fcndigt bei Katharina in Rabenkirchenholz statt. Katharina wird einen Vortrag \u00fcber &#8222;Training von dicken Pferden&#8220; halten und es gibt dar\u00fcber hinaus ein von ihr erstelltes Begleitheft mit zus\u00e4tzlichen Informationen rund um das Thema &#8222;Dicke Pferde&#8220;. Die Kosten tr\u00e4gt der Verein. Lasst euch diesen spannenden Termin also nicht entgehen!<\/p>\n\n\n\n<p>Bitte meldet euch bei Katharina unter Tel. 01522 4397254 oder Katharina_voss_@gmx.de&nbsp;an.<\/p>\n","protected":false},"excerpt":{"rendered":"<p>Liebe Islandpferdefreunde, der kommende Stammtisch findet wie bereits angek\u00fcndigt bei Katharina in Rabenkirchenholz statt. Katharina wird einen Vortrag \u00fcber &#8222;Training von dicken Pferden&#8220; halten und es gibt dar\u00fcber hinaus ein von ihr erstelltes Begleitheft mit zus\u00e4tzlichen Informationen rund um das Thema &#8222;Dicke Pferde&#8220;. Die Kosten tr\u00e4gt der Verein. Lasst euch diesen spannenden Termin also nicht [&hellip;]<\/p>\n","protected":false},"author":1,"featured_media":0,"comment_status":"closed","ping_status":"open","sticky":false,"template":"","format":"standard","meta":{"footnotes":""},"categories":[5],"tags":[],"class_list":["post-1236","post","type-post","status-publish","format-standard","hentry","category-aktuelles"],"_links":{"self":[{"href":"https:\/\/islandpferdefreunde-zdm.net\/index.php?rest_route=\/wp\/v2\/posts\/1236","targetHints":{"allow":["GET"]}}],"collection":[{"href":"https:\/\/islandpferdefreunde-zdm.net\/index.php?rest_route=\/wp\/v2\/posts"}],"about":[{"href":"https:\/\/islandpferdefreunde-zdm.net\/index.php?rest_route=\/wp\/v2\/types\/post"}],"author":[{"embeddable":true,"href":"https:\/\/islandpferdefreunde-zdm.net\/index.php?rest_route=\/wp\/v2\/users\/1"}],"replies":[{"embeddable":true,"href":"https:\/\/islandpferdefreunde-zdm.net\/index.php?rest_route=%2Fwp%2Fv2%2Fcomments&post=1236"}],"version-history":[{"count":2,"href":"https:\/\/islandpferdefreunde-zdm.net\/index.php?rest_route=\/wp\/v2\/posts\/1236\/revisions"}],"predecessor-version":[{"id":1239,"href":"https:\/\/islandpferdefreunde-zdm.net\/index.php?rest_route=\/wp\/v2\/posts\/1236\/revisions\/1239"}],"wp:attachment":[{"href":"https:\/\/islandpferdefreunde-zdm.net\/index.php?rest_route=%2Fwp%2Fv2%2Fmedia&parent=1236"}],"wp:term":[{"taxonomy":"category","embeddable":true,"href":"https:\/\/islandpferdefreunde-zdm.net\/index.php?rest_route=%2Fwp%2Fv2%2Fcategories&post=1236"},{"taxonomy":"post_tag","embeddable":true,"href":"https:\/\/islandpferdefreunde-zdm.net\/index.php?rest_route=%2Fwp%2Fv2%2Ftags&post=1236"}],"curies":[{"name":"wp","href":"https:\/\/api.w.org\/{rel}","templated":true}]}}