{"id":1160,"date":"2023-08-28T08:36:50","date_gmt":"2023-08-28T08:36:50","guid":{"rendered":"http:\/\/islandpferdefreunde-zdm.net\/?p=1160"},"modified":"2023-08-28T08:36:50","modified_gmt":"2023-08-28T08:36:50","slug":"vereinsritt-in-kleve-am-3-september","status":"publish","type":"post","link":"https:\/\/islandpferdefreunde-zdm.net\/?p=1160","title":{"rendered":"Vereinsritt in Kleve am 3. September"},"content":{"rendered":"\n<p><\/p>\n\n\n\n<p><\/p>\n\n\n\n<p><strong>Am 3. September<\/strong>\u00a0organisiert Familie Wulff einen Ausritt in Kleve. <\/p>\n\n\n\n<p>Wir treffen uns um 11 Uhr auf dem Hof Kleverbarg, Op de H\u00f6ch 18 in 25779 Kleve.<\/p>\n\n\n\n<p>Dann starten wir einen ca. 18 km langen Ritt durch sch\u00f6ne Landschaft mit vielen Plattenwegen.<\/p>\n\n\n\n<p>Wir machen unterwegs eine Pause und werden dort mit Getr\u00e4nken und Kuchen versorgt.<\/p>\n\n\n\n<p>Wenn die Pferde versorgt sind, l\u00e4dt Familie Wulff noch zum Kaffee  im Wintergarten ein. <\/p>\n\n\n\n<p>Infos und Anmeldung bei Regina\u00a00173 9574313 (Achtung neue Handynummer)<\/p>\n","protected":false},"excerpt":{"rendered":"<p>Am 3. September\u00a0organisiert Familie Wulff einen Ausritt in Kleve. Wir treffen uns um 11 Uhr auf dem Hof Kleverbarg, Op de H\u00f6ch 18 in 25779 Kleve. Dann starten wir einen ca. 18 km langen Ritt durch sch\u00f6ne Landschaft mit vielen Plattenwegen. Wir machen unterwegs eine Pause und werden dort mit Getr\u00e4nken und Kuchen versorgt. Wenn [&hellip;]<\/p>\n","protected":false},"author":1,"featured_media":1161,"comment_status":"closed","ping_status":"open","sticky":false,"template":"","format":"standard","meta":{"footnotes":""},"categories":[5,25,23],"tags":[],"class_list":["post-1160","post","type-post","status-publish","format-standard","has-post-thumbnail","hentry","category-aktuelles","category-terminankuendigung","category-vereinsausritt"],"_links":{"self":[{"href":"https:\/\/islandpferdefreunde-zdm.net\/index.php?rest_route=\/wp\/v2\/posts\/1160","targetHints":{"allow":["GET"]}}],"collection":[{"href":"https:\/\/islandpferdefreunde-zdm.net\/index.php?rest_route=\/wp\/v2\/posts"}],"about":[{"href":"https:\/\/islandpferdefreunde-zdm.net\/index.php?rest_route=\/wp\/v2\/types\/post"}],"author":[{"embeddable":true,"href":"https:\/\/islandpferdefreunde-zdm.net\/index.php?rest_route=\/wp\/v2\/users\/1"}],"replies":[{"embeddable":true,"href":"https:\/\/islandpferdefreunde-zdm.net\/index.php?rest_route=%2Fwp%2Fv2%2Fcomments&post=1160"}],"version-history":[{"count":1,"href":"https:\/\/islandpferdefreunde-zdm.net\/index.php?rest_route=\/wp\/v2\/posts\/1160\/revisions"}],"predecessor-version":[{"id":1162,"href":"https:\/\/islandpferdefreunde-zdm.net\/index.php?rest_route=\/wp\/v2\/posts\/1160\/revisions\/1162"}],"wp:featuredmedia":[{"embeddable":true,"href":"https:\/\/islandpferdefreunde-zdm.net\/index.php?rest_route=\/wp\/v2\/media\/1161"}],"wp:attachment":[{"href":"https:\/\/islandpferdefreunde-zdm.net\/index.php?rest_route=%2Fwp%2Fv2%2Fmedia&parent=1160"}],"wp:term":[{"taxonomy":"category","embeddable":true,"href":"https:\/\/islandpferdefreunde-zdm.net\/index.php?rest_route=%2Fwp%2Fv2%2Fcategories&post=1160"},{"taxonomy":"post_tag","embeddable":true,"href":"https:\/\/islandpferdefreunde-zdm.net\/index.php?rest_route=%2Fwp%2Fv2%2Ftags&post=1160"}],"curies":[{"name":"wp","href":"https:\/\/api.w.org\/{rel}","templated":true}]}}